[{"@context":"https:\/\/schema.org\/","@type":"Article","@id":"https:\/\/www.fasade.cz\/v-takovych-odevech-nemusite-jen-pracovat\/#Article","mainEntityOfPage":"https:\/\/www.fasade.cz\/v-takovych-odevech-nemusite-jen-pracovat\/","headline":"V takov\u00fdch od\u011bvech nemus\u00edte jen pracovat","name":"V takov\u00fdch od\u011bvech nemus\u00edte jen pracovat","description":"Projevuje se Va\u0161e n\u00e1ro\u010dnost i v obl\u00e9k\u00e1n\u00ed na pracovi\u0161ti? Mysl\u00edte si, \u017ee na pracovi\u0161ti si nem\u016f\u017eete moc vyb\u00edrat, proto\u017ee pracovn\u00ed od\u011bvy jsou jednodu\u0161e dan\u00e9? Opravdu jste p\u0159esv\u011bd\u010deni o tom, \u017ee nem\u016f\u017eete ani ve sv\u00e9m zam\u011bstn\u00e1n\u00ed vypadat, jako \u010dlov\u011bk? &#13; Pravdou je, \u017ee na n\u011bkter\u00fdch pracovi\u0161t\u00edch je pracovn\u00ed ochrann\u00fd od\u011bv dan\u00fd a nem\u016f\u017eete jej jen tak [&hellip;]","datePublished":"2017-03-07","dateModified":"2023-06-06","author":{"@type":"Person","@id":"https:\/\/www.fasade.cz\/author\/#Person","name":"","url":"https:\/\/www.fasade.cz\/author\/","identifier":1,"image":{"@type":"ImageObject","@id":"https:\/\/secure.gravatar.com\/avatar\/64d58fab86512053c8bb518a6563e7284bb4a3422dc9af0106c3f39575364c7b?s=96&d=mm&r=g","url":"https:\/\/secure.gravatar.com\/avatar\/64d58fab86512053c8bb518a6563e7284bb4a3422dc9af0106c3f39575364c7b?s=96&d=mm&r=g","height":96,"width":96}},"publisher":{"@type":"Organization","name":"fasade.cz","logo":{"@type":"ImageObject","@id":"\/logo.png","url":"\/logo.png","width":600,"height":60}},"url":"https:\/\/www.fasade.cz\/v-takovych-odevech-nemusite-jen-pracovat\/","about":["V\u00fdrobky"],"wordCount":417,"articleBody":"Projevuje se Va\u0161e n\u00e1ro\u010dnost i v obl\u00e9k\u00e1n\u00ed na pracovi\u0161ti? Mysl\u00edte si, \u017ee na pracovi\u0161ti si nem\u016f\u017eete moc vyb\u00edrat, proto\u017ee pracovn\u00ed od\u011bvy jsou jednodu\u0161e dan\u00e9? Opravdu jste p\u0159esv\u011bd\u010deni o tom, \u017ee nem\u016f\u017eete ani ve sv\u00e9m zam\u011bstn\u00e1n\u00ed vypadat, jako \u010dlov\u011bk?&#13; Pravdou je, \u017ee na n\u011bkter\u00fdch pracovi\u0161t\u00edch je pracovn\u00ed ochrann\u00fd od\u011bv dan\u00fd a nem\u016f\u017eete jej jen tak zam\u011bnit za n\u011bco jin\u00e9ho. Podle oble\u010den\u00ed V\u00e1s poznaj\u00ed ostatn\u00ed. A nejen to, ostatn\u00ed V\u00e1s dokonce mus\u00ed od ostatn\u00edch rozeznat.&#13; P\u0159edepsan\u00e9 pracovn\u00ed oble\u010den\u00ed mus\u00ed m\u00edt ur\u010dit\u011b profese:&#13; \u00b7 zdravotn\u00ed sestra a l\u00e9ka\u0159,&#13; \u00b7 prodava\u010di,&#13; \u00b7 kucha\u0159i,&#13; \u00b7 policist\u00e9,&#13; \u00b7 obsluha stroj\u016f v tov\u00e1rn\u00edch hal\u00e1ch.&#13; &#13; Mo\u017en\u00e1 byste p\u0159i\u0161li i na dal\u0161\u00ed povol\u00e1n\u00ed, kter\u00e1 mus\u00ed m\u00edt stejn\u00e9 oble\u010den\u00ed pro v\u00fdkon sv\u00e9ho povol\u00e1n\u00ed.Potom ale existuje \u0159ada dal\u0161\u00edch povol\u00e1n\u00ed, kter\u00e1 ochrann\u00e9 pracovn\u00ed oble\u010den\u00ed tak\u00e9 mus\u00ed m\u00edt, ale u\u017e nen\u00ed p\u0159edeps\u00e1n p\u0159esn\u011b dan\u00fd stejnokroj. A tady se u\u017e m\u016f\u017eete svobodn\u011b rozhodnout o tom, jak\u00fd pracovn\u00ed svr\u0161ek zam\u011bstnavatel zvol\u00ed.Jestli\u017ee je Va\u0161\u00edm povol\u00e1n\u00edm ostraha objektu, u\u010ditel odborn\u00fdch p\u0159edm\u011bt\u016f, nebo \u0159idi\u010d z povol\u00e1n\u00ed, pak si m\u016f\u017eete vyb\u00edrat z nab\u00eddky mnoha variant pracovn\u00edch od\u011bv\u016f, ani\u017e byste na prvn\u00ed pohled vypadali, \u017ee jste pr\u00e1v\u011b v zam\u011bstn\u00e1n\u00ed.&#13; M\u016f\u017eete vyb\u00edrat, jak je libo:&#13; \u00b7 nepromokav\u00e9 bundy,&#13; \u00b7 tepl\u00e9 zimn\u00ed bundy a vesty,&#13; \u00b7 tri\u010dka a ko\u0161ile,&#13; \u00b7 dopl\u0148ky, jako jsou \u010depice, nebo opasky.Ale co je na t\u011bchto \u010d\u00e1stech oble\u010den\u00ed to nej\u00fa\u017easn\u011bj\u0161\u00ed? V takov\u00e9m oble\u010den\u00ed m\u016f\u017eete klidn\u011b pob\u00fdvat i mimo svou pracovn\u00ed dobu, a p\u0159esto nikdo z okol\u00ed nebude tu\u0161it, \u017ee jde o pracovn\u00ed od\u011bv!Dnes m\u016f\u017eete opravdu v pracovn\u00edch ochrann\u00fdch od\u011bvech vypadat skv\u011ble, proto\u017ee jejich barevnost jde ruku v ruce s m\u00f3dou. A materi\u00e1ly, ze kter\u00fdch jsou vyr\u00e1b\u011bny, si nezadaj\u00ed s obvykl\u00fdmi svr\u0161ky, kter\u00e9 vid\u00edte b\u011b\u017en\u011b na pultech prodejen s oble\u010den\u00edm!&#13; A to je skute\u010dn\u011b skv\u011bl\u00e1 zpr\u00e1va v p\u0159\u00edpad\u011b, kdy\u017e si mus\u00edte v prodejn\u00e1ch s pracovn\u00edmi od\u011bvy vyb\u00edrat ten spr\u00e1vn\u00fd pr\u00e1v\u011b pro tu Va\u0161i profesi!                                                                                                                                                                                                                                                                                                                                                                                        4\/5 - (7 votes)        "},{"@context":"https:\/\/schema.org\/","@type":"BreadcrumbList","itemListElement":[{"@type":"ListItem","position":1,"name":"V takov\u00fdch od\u011bvech nemus\u00edte jen pracovat","item":"https:\/\/www.fasade.cz\/v-takovych-odevech-nemusite-jen-pracovat\/#breadcrumbitem"}]}]