[{"@context":"https:\/\/schema.org\/","@type":"Article","@id":"https:\/\/www.fasade.cz\/schneider-electric-katalog-k-nahlednuti\/#Article","mainEntityOfPage":"https:\/\/www.fasade.cz\/schneider-electric-katalog-k-nahlednuti\/","headline":"Schneider electric katalog k nahl\u00e9dnut\u00ed","name":"Schneider electric katalog k nahl\u00e9dnut\u00ed","description":"Koupili jste si nov\u00fd byt, do kter\u00e9 ho jste postupn\u011b za\u010dali po\u0159izovat ve\u0161ker\u00e9 vybaven\u00ed, ale cht\u011bli byste u\u017e sehnat tak\u00e9 mali\u010dkosti, jako jsou nejr\u016fzn\u011bj\u0161\u00ed vyp\u00edna\u010de nebo z\u00e1suvky, a\u0165 je v\u0161e kompletn\u00ed? Ur\u010dit\u011b bychom pro v\u00e1s m\u011bli skv\u011blou nab\u00eddku, kterou snadno objev\u00edte v na\u0161em katalogu. Schneider electric katalog nab\u00edz\u00ed skv\u011bl\u00e9 vyp\u00edna\u010de i z\u00e1suvky, kter\u00e9 jsou ov\u0161em [&hellip;]","datePublished":"2025-01-27","dateModified":"2025-01-27","author":{"@type":"Person","@id":"https:\/\/www.fasade.cz\/author\/#Person","name":"","url":"https:\/\/www.fasade.cz\/author\/","identifier":1,"image":{"@type":"ImageObject","@id":"https:\/\/secure.gravatar.com\/avatar\/64d58fab86512053c8bb518a6563e7284bb4a3422dc9af0106c3f39575364c7b?s=96&d=mm&r=g","url":"https:\/\/secure.gravatar.com\/avatar\/64d58fab86512053c8bb518a6563e7284bb4a3422dc9af0106c3f39575364c7b?s=96&d=mm&r=g","height":96,"width":96}},"publisher":{"@type":"Organization","name":"fasade.cz","logo":{"@type":"ImageObject","@id":"\/logo.png","url":"\/logo.png","width":600,"height":60}},"url":"https:\/\/www.fasade.cz\/schneider-electric-katalog-k-nahlednuti\/","wordCount":244,"articleBody":"Koupili jste si nov\u00fd byt, do kter\u00e9 ho jste postupn\u011b za\u010dali po\u0159izovat ve\u0161ker\u00e9 vybaven\u00ed, ale cht\u011bli byste u\u017e sehnat tak\u00e9 mali\u010dkosti, jako jsou nejr\u016fzn\u011bj\u0161\u00ed vyp\u00edna\u010de nebo z\u00e1suvky, a\u0165 je v\u0161e kompletn\u00ed? Ur\u010dit\u011b bychom pro v\u00e1s m\u011bli skv\u011blou nab\u00eddku, kterou snadno objev\u00edte v na\u0161em katalogu. Schneider electric katalog nab\u00edz\u00ed skv\u011bl\u00e9 vyp\u00edna\u010de i z\u00e1suvky, kter\u00e9 jsou ov\u0161em des\u00e9nov\u00e9, tak\u017ee vypadaj\u00ed p\u0159inejmen\u0161\u00edm skv\u011ble a hod\u00ed se do ka\u017ed\u00e9ho interi\u00e9ru. Nez\u00e1le\u017e\u00ed tedy na tom, zdali jste si za\u0159\u00eddili sv\u00e9 prostory do toho nejmodern\u011bj\u0161\u00edho stylu, nebo zdali m\u00e1te r\u00e1di sp\u00ed\u0161e klasiku. Je toti\u017e mnoho variant a mo\u017enost\u00ed, jak produkt sestavit, tak\u017ee si ka\u017ed\u00fd najde to sv\u00e9. Vyberte si podle sv\u00e9ho vkusu D\u011blat v\u0161e podle vlastn\u00edho vkusu je to nejd\u016fle\u017eit\u011bj\u0161\u00ed a my v\u00edme, jak moc lid\u00e9 ocen\u00ed, kdy\u017e si mohou o fin\u00e1ln\u00ed verzi produktu rozhodnout sami. Bude to pro v\u00e1s tedy hn\u011bd\u00fd, zelen\u00fd nebo modr\u00fd r\u00e1me\u010dek kolem vyp\u00edna\u010d\u016f a z\u00e1suvek? Ocen\u00edte sp\u00ed\u0161e perle\u0165ov\u00fd vzhled nebo uv\u00edt\u00e1te n\u011bkterou ze z\u00e1kladn\u00edch barev? A kter\u00fd odst\u00edn bude t\u00edm nejlep\u0161\u00edm? To v\u0161e si m\u016f\u017eete vybrat v na\u0161\u00ed \u0161irok\u00e9 palet\u011b barev, nebudete litovat.                                                                                                                                                                                                                                                                                                                                                                                        4\/5 - (3 votes)        "},{"@context":"https:\/\/schema.org\/","@type":"BreadcrumbList","itemListElement":[{"@type":"ListItem","position":1,"name":"Schneider electric katalog k nahl\u00e9dnut\u00ed","item":"https:\/\/www.fasade.cz\/schneider-electric-katalog-k-nahlednuti\/#breadcrumbitem"}]}]