[{"@context":"https:\/\/schema.org\/","@type":"Blog","@id":"https:\/\/www.fasade.cz#Blog","headline":"Fasade","description":"\nPot\u0159ebujete si n\u011bkde p\u0159ij\u00edt k pen\u011bz\u016fm? Pak v\u00e1s sice zklameme t\u00edm, \u017ee v\u00e1m je na na\u0161em webu ned\u00e1me, ale m\u016f\u017eeme v\u00e1s pot\u011b\u0161it t\u00edm, \u017ee v\u00e1m porad\u00edme, jak je z\u00edskat.","url":"https:\/\/www.fasade.cz","hasPart":[{"@type":"Article","@id":"https:\/\/www.fasade.cz\/vyhody-vestaveneho-nabytku-jsou-obrovske-usetri-misto-a-budete-mit-na-vyber\/","headline":"V\u00fdhody vestav\u011bn\u00e9ho n\u00e1bytku jsou obrovsk\u00e9! U\u0161et\u0159\u00ed m\u00edsto a budete m\u00edt na v\u00fdb\u011br.","url":"https:\/\/www.fasade.cz\/vyhody-vestaveneho-nabytku-jsou-obrovske-usetri-misto-a-budete-mit-na-vyber\/","datePublished":"2021-03-15","dateModified":"2023-06-06","mainEntityOfPage":"https:\/\/www.fasade.cz\/vyhody-vestaveneho-nabytku-jsou-obrovske-usetri-misto-a-budete-mit-na-vyber\/","author":{"@type":"Person","@id":"https:\/\/www.fasade.cz\/author\/#Person","name":"","url":"https:\/\/www.fasade.cz\/author\/","identifier":1,"image":{"@type":"ImageObject","@id":"https:\/\/secure.gravatar.com\/avatar\/64d58fab86512053c8bb518a6563e7284bb4a3422dc9af0106c3f39575364c7b?s=96&d=mm&r=g","url":"https:\/\/secure.gravatar.com\/avatar\/64d58fab86512053c8bb518a6563e7284bb4a3422dc9af0106c3f39575364c7b?s=96&d=mm&r=g","height":96,"width":96}},"publisher":{"@type":"Organization","name":"fasade.cz","logo":{"@type":"ImageObject","@id":"\/logo.png","url":"\/logo.png","width":600,"height":60}},"image":{"@type":"ImageObject","@id":"https:\/\/www.fasade.cz\/wp-content\/uploads\/pexels-photo-813690.jpeg","url":"https:\/\/www.fasade.cz\/wp-content\/uploads\/pexels-photo-813690.jpeg","height":0,"width":0},"wordCount":664,"keywords":null},{"@type":"Article","@id":"https:\/\/www.fasade.cz\/klasicka-nebo-americka-hypoteka\/","headline":"Klasick\u00e1 nebo americk\u00e1 hypot\u00e9ka?","url":"https:\/\/www.fasade.cz\/klasicka-nebo-americka-hypoteka\/","datePublished":"2020-12-13","dateModified":"2023-06-06","mainEntityOfPage":"https:\/\/www.fasade.cz\/klasicka-nebo-americka-hypoteka\/","author":{"@type":"Person","@id":"https:\/\/www.fasade.cz\/author\/#Person","name":"","url":"https:\/\/www.fasade.cz\/author\/","identifier":1,"image":{"@type":"ImageObject","@id":"https:\/\/secure.gravatar.com\/avatar\/64d58fab86512053c8bb518a6563e7284bb4a3422dc9af0106c3f39575364c7b?s=96&d=mm&r=g","url":"https:\/\/secure.gravatar.com\/avatar\/64d58fab86512053c8bb518a6563e7284bb4a3422dc9af0106c3f39575364c7b?s=96&d=mm&r=g","height":96,"width":96}},"publisher":{"@type":"Organization","name":"fasade.cz","logo":{"@type":"ImageObject","@id":"\/logo.png","url":"\/logo.png","width":600,"height":60}},"image":{"@type":"ImageObject","@id":"https:\/\/www.fasade.cz\/wp-content\/uploads\/dokument%20k%20podeps%C3%A1n%C3%AD_1.jpg","url":"https:\/\/www.fasade.cz\/wp-content\/uploads\/dokument%20k%20podeps%C3%A1n%C3%AD_1.jpg","height":0,"width":0},"wordCount":685,"keywords":null},{"@type":"Article","@id":"https:\/\/www.fasade.cz\/maca-peruanska-je-jedna-z-jedinecnych-superpotravin-jake-ma-ucinky\/","headline":"Maca Peru\u00e1nsk\u00e1 je jedna z jedine\u010dn\u00fdch superpotravin. Jak\u00e9 m\u00e1 \u00fa\u010dinky?","url":"https:\/\/www.fasade.cz\/maca-peruanska-je-jedna-z-jedinecnych-superpotravin-jake-ma-ucinky\/","datePublished":"2020-11-22","dateModified":"2023-06-06","mainEntityOfPage":"https:\/\/www.fasade.cz\/maca-peruanska-je-jedna-z-jedinecnych-superpotravin-jake-ma-ucinky\/","author":{"@type":"Person","@id":"https:\/\/www.fasade.cz\/author\/#Person","name":"","url":"https:\/\/www.fasade.cz\/author\/","identifier":1,"image":{"@type":"ImageObject","@id":"https:\/\/secure.gravatar.com\/avatar\/64d58fab86512053c8bb518a6563e7284bb4a3422dc9af0106c3f39575364c7b?s=96&d=mm&r=g","url":"https:\/\/secure.gravatar.com\/avatar\/64d58fab86512053c8bb518a6563e7284bb4a3422dc9af0106c3f39575364c7b?s=96&d=mm&r=g","height":96,"width":96}},"publisher":{"@type":"Organization","name":"fasade.cz","logo":{"@type":"ImageObject","@id":"\/logo.png","url":"\/logo.png","width":600,"height":60}},"image":{"@type":"ImageObject","@id":"https:\/\/www.fasade.cz\/wp-content\/uploads\/Zdrav%C3%A1%20sn%C3%ADdan%C4%9B%20k%C3%A1va.jpg","url":"https:\/\/www.fasade.cz\/wp-content\/uploads\/Zdrav%C3%A1%20sn%C3%ADdan%C4%9B%20k%C3%A1va.jpg","height":0,"width":0},"wordCount":572,"keywords":null},{"@type":"Article","@id":"https:\/\/www.fasade.cz\/krasnejsi-muze-byt-kazda-zena\/","headline":"Kr\u00e1sn\u011bj\u0161\u00ed m\u016f\u017ee b\u00fdt ka\u017ed\u00e1 \u017eena","url":"https:\/\/www.fasade.cz\/krasnejsi-muze-byt-kazda-zena\/","datePublished":"2020-10-27","dateModified":"2020-10-27","mainEntityOfPage":"https:\/\/www.fasade.cz\/krasnejsi-muze-byt-kazda-zena\/","author":{"@type":"Person","@id":"https:\/\/www.fasade.cz\/author\/#Person","name":"","url":"https:\/\/www.fasade.cz\/author\/","identifier":1,"image":{"@type":"ImageObject","@id":"https:\/\/secure.gravatar.com\/avatar\/64d58fab86512053c8bb518a6563e7284bb4a3422dc9af0106c3f39575364c7b?s=96&d=mm&r=g","url":"https:\/\/secure.gravatar.com\/avatar\/64d58fab86512053c8bb518a6563e7284bb4a3422dc9af0106c3f39575364c7b?s=96&d=mm&r=g","height":96,"width":96}},"publisher":{"@type":"Organization","name":"fasade.cz","logo":{"@type":"ImageObject","@id":"\/logo.png","url":"\/logo.png","width":600,"height":60}},"image":null,"wordCount":592,"keywords":null},{"@type":"Article","@id":"https:\/\/www.fasade.cz\/americka-hypoteka-a-jeji-verze\/","headline":"Americk\u00e1 hypot\u00e9ka a jej\u00ed verze","url":"https:\/\/www.fasade.cz\/americka-hypoteka-a-jeji-verze\/","datePublished":"2020-10-24","dateModified":"2023-06-06","mainEntityOfPage":"https:\/\/www.fasade.cz\/americka-hypoteka-a-jeji-verze\/","author":{"@type":"Person","@id":"https:\/\/www.fasade.cz\/author\/#Person","name":"","url":"https:\/\/www.fasade.cz\/author\/","identifier":1,"image":{"@type":"ImageObject","@id":"https:\/\/secure.gravatar.com\/avatar\/64d58fab86512053c8bb518a6563e7284bb4a3422dc9af0106c3f39575364c7b?s=96&d=mm&r=g","url":"https:\/\/secure.gravatar.com\/avatar\/64d58fab86512053c8bb518a6563e7284bb4a3422dc9af0106c3f39575364c7b?s=96&d=mm&r=g","height":96,"width":96}},"publisher":{"@type":"Organization","name":"fasade.cz","logo":{"@type":"ImageObject","@id":"\/logo.png","url":"\/logo.png","width":600,"height":60}},"image":{"@type":"ImageObject","@id":"https:\/\/www.fasade.cz\/wp-content\/uploads\/bankovky_1.jpeg","url":"https:\/\/www.fasade.cz\/wp-content\/uploads\/bankovky_1.jpeg","height":0,"width":0},"wordCount":556,"keywords":null},{"@type":"Article","@id":"https:\/\/www.fasade.cz\/zpusob-hubnuti-ktery-prokazatelne-funguje\/","headline":"Zp\u016fsob hubnut\u00ed, kter\u00fd prokazateln\u011b funguje","url":"https:\/\/www.fasade.cz\/zpusob-hubnuti-ktery-prokazatelne-funguje\/","datePublished":"2020-10-19","dateModified":"2020-10-19","mainEntityOfPage":"https:\/\/www.fasade.cz\/zpusob-hubnuti-ktery-prokazatelne-funguje\/","author":{"@type":"Person","@id":"https:\/\/www.fasade.cz\/author\/#Person","name":"","url":"https:\/\/www.fasade.cz\/author\/","identifier":1,"image":{"@type":"ImageObject","@id":"https:\/\/secure.gravatar.com\/avatar\/64d58fab86512053c8bb518a6563e7284bb4a3422dc9af0106c3f39575364c7b?s=96&d=mm&r=g","url":"https:\/\/secure.gravatar.com\/avatar\/64d58fab86512053c8bb518a6563e7284bb4a3422dc9af0106c3f39575364c7b?s=96&d=mm&r=g","height":96,"width":96}},"publisher":{"@type":"Organization","name":"fasade.cz","logo":{"@type":"ImageObject","@id":"\/logo.png","url":"\/logo.png","width":600,"height":60}},"image":{"@type":"ImageObject","@id":"https:\/\/www.fasade.cz\/wp-content\/uploads\/Zdrav%C3%A1%20sn%C3%ADdan%C4%9B_4.jpg","url":"https:\/\/www.fasade.cz\/wp-content\/uploads\/Zdrav%C3%A1%20sn%C3%ADdan%C4%9B_4.jpg","height":0,"width":0},"wordCount":651,"keywords":null},{"@type":"Article","@id":"https:\/\/www.fasade.cz\/kdyz-neni-cas\/","headline":"Kdy\u017e nen\u00ed \u010das","url":"https:\/\/www.fasade.cz\/kdyz-neni-cas\/","datePublished":"2020-09-25","dateModified":"2023-06-06","mainEntityOfPage":"https:\/\/www.fasade.cz\/kdyz-neni-cas\/","author":{"@type":"Person","@id":"https:\/\/www.fasade.cz\/author\/#Person","name":"","url":"https:\/\/www.fasade.cz\/author\/","identifier":1,"image":{"@type":"ImageObject","@id":"https:\/\/secure.gravatar.com\/avatar\/64d58fab86512053c8bb518a6563e7284bb4a3422dc9af0106c3f39575364c7b?s=96&d=mm&r=g","url":"https:\/\/secure.gravatar.com\/avatar\/64d58fab86512053c8bb518a6563e7284bb4a3422dc9af0106c3f39575364c7b?s=96&d=mm&r=g","height":96,"width":96}},"publisher":{"@type":"Organization","name":"fasade.cz","logo":{"@type":"ImageObject","@id":"\/logo.png","url":"\/logo.png","width":600,"height":60}},"image":{"@type":"ImageObject","@id":"https:\/\/www.fasade.cz\/wp-content\/uploads\/img_a300912_w1947_t1510952024.jpg","url":"https:\/\/www.fasade.cz\/wp-content\/uploads\/img_a300912_w1947_t1510952024.jpg","height":0,"width":0},"wordCount":652,"keywords":null},{"@type":"Article","@id":"https:\/\/www.fasade.cz\/umet-podnikat-by-meli-i-stredoskolaci\/","headline":"Um\u011bt podnikat by m\u011bli i st\u0159edo\u0161kol\u00e1ci","url":"https:\/\/www.fasade.cz\/umet-podnikat-by-meli-i-stredoskolaci\/","datePublished":"2020-09-04","dateModified":"2023-06-06","mainEntityOfPage":"https:\/\/www.fasade.cz\/umet-podnikat-by-meli-i-stredoskolaci\/","author":{"@type":"Person","@id":"https:\/\/www.fasade.cz\/author\/#Person","name":"","url":"https:\/\/www.fasade.cz\/author\/","identifier":1,"image":{"@type":"ImageObject","@id":"https:\/\/secure.gravatar.com\/avatar\/64d58fab86512053c8bb518a6563e7284bb4a3422dc9af0106c3f39575364c7b?s=96&d=mm&r=g","url":"https:\/\/secure.gravatar.com\/avatar\/64d58fab86512053c8bb518a6563e7284bb4a3422dc9af0106c3f39575364c7b?s=96&d=mm&r=g","height":96,"width":96}},"publisher":{"@type":"Organization","name":"fasade.cz","logo":{"@type":"ImageObject","@id":"\/logo.png","url":"\/logo.png","width":600,"height":60}},"image":{"@type":"ImageObject","@id":"https:\/\/www.fasade.cz\/wp-content\/uploads\/img_a319178_w2030_t1530037853.jpg","url":"https:\/\/www.fasade.cz\/wp-content\/uploads\/img_a319178_w2030_t1530037853.jpg","height":0,"width":0},"wordCount":510,"keywords":null},{"@type":"Article","@id":"https:\/\/www.fasade.cz\/vyber-spravne-trampoliny\/","headline":"V\u00fdb\u011br spr\u00e1vn\u00e9 trampol\u00edny","url":"https:\/\/www.fasade.cz\/vyber-spravne-trampoliny\/","datePublished":"2020-01-07","dateModified":"2023-06-06","mainEntityOfPage":"https:\/\/www.fasade.cz\/vyber-spravne-trampoliny\/","author":{"@type":"Person","@id":"https:\/\/www.fasade.cz\/author\/#Person","name":"","url":"https:\/\/www.fasade.cz\/author\/","identifier":1,"image":{"@type":"ImageObject","@id":"https:\/\/secure.gravatar.com\/avatar\/64d58fab86512053c8bb518a6563e7284bb4a3422dc9af0106c3f39575364c7b?s=96&d=mm&r=g","url":"https:\/\/secure.gravatar.com\/avatar\/64d58fab86512053c8bb518a6563e7284bb4a3422dc9af0106c3f39575364c7b?s=96&d=mm&r=g","height":96,"width":96}},"publisher":{"@type":"Organization","name":"fasade.cz","logo":{"@type":"ImageObject","@id":"\/logo.png","url":"\/logo.png","width":600,"height":60}},"image":{"@type":"ImageObject","@id":"https:\/\/www.fasade.cz\/wp-content\/uploads\/img_a374650_w2001_t1586346059.jpg","url":"https:\/\/www.fasade.cz\/wp-content\/uploads\/img_a374650_w2001_t1586346059.jpg","height":0,"width":0},"wordCount":524,"keywords":null},{"@type":"Article","@id":"https:\/\/www.fasade.cz\/krasna-i-na-materske\/","headline":"Kr\u00e1sn\u00e1 i na mate\u0159sk\u00e9","url":"https:\/\/www.fasade.cz\/krasna-i-na-materske\/","datePublished":"2019-12-05","dateModified":"2023-06-06","mainEntityOfPage":"https:\/\/www.fasade.cz\/krasna-i-na-materske\/","author":{"@type":"Person","@id":"https:\/\/www.fasade.cz\/author\/#Person","name":"","url":"https:\/\/www.fasade.cz\/author\/","identifier":1,"image":{"@type":"ImageObject","@id":"https:\/\/secure.gravatar.com\/avatar\/64d58fab86512053c8bb518a6563e7284bb4a3422dc9af0106c3f39575364c7b?s=96&d=mm&r=g","url":"https:\/\/secure.gravatar.com\/avatar\/64d58fab86512053c8bb518a6563e7284bb4a3422dc9af0106c3f39575364c7b?s=96&d=mm&r=g","height":96,"width":96}},"publisher":{"@type":"Organization","name":"fasade.cz","logo":{"@type":"ImageObject","@id":"\/logo.png","url":"\/logo.png","width":600,"height":60}},"image":{"@type":"ImageObject","@id":"https:\/\/www.fasade.cz\/wp-content\/uploads\/img_a364050_w3259_t1576753441.jpg","url":"https:\/\/www.fasade.cz\/wp-content\/uploads\/img_a364050_w3259_t1576753441.jpg","height":0,"width":0},"wordCount":559,"keywords":null}]},{"@context":"https:\/\/schema.org","@type":"WebSite","@id":"https:\/\/www.fasade.cz\/#website","name":"Fasade","url":"https:\/\/www.fasade.cz","potentialAction":{"@type":"SearchAction","target":"https:\/\/www.fasade.cz\/?s={search_term_string}","query-input":"required name=search_term_string"}}]