[{"@context":"https:\/\/schema.org\/","@type":"Article","@id":"https:\/\/www.fasade.cz\/nepropasnete-sanci-na-skvelou-tuzemskou-dovolenou\/#Article","mainEntityOfPage":"https:\/\/www.fasade.cz\/nepropasnete-sanci-na-skvelou-tuzemskou-dovolenou\/","headline":"Neprop\u00e1sn\u011bte \u0161anci na skv\u011blou tuzemskou dovolenou","name":"Neprop\u00e1sn\u011bte \u0161anci na skv\u011blou tuzemskou dovolenou","description":"Bab\u00ed l\u00e9to ur\u010dit\u011b nen\u00ed obdob\u00ed, kter\u00e9 byste m\u011bli str\u00e1vit doma p\u0159ed televizn\u00ed obrazovkou nebo v papu\u010d\u00edch. A nen\u00ed to jen bab\u00ed l\u00e9to, kter\u00e9 by v\u00e1s m\u011blo vyl\u00e1kat do na\u0161ich luh\u016f a h\u00e1j\u016f nebo t\u0159eba slovensk\u00fdch hor! Ka\u017ed\u00e9 ro\u010dn\u00ed obdob\u00ed m\u00e1 sv\u00e9 kouzlo a mnohem l\u00e9pe si ho dok\u00e1\u017eete uv\u011bdomit v b\u00e1je\u010dn\u00e9m prost\u0159ed\u00ed, kter\u00e9 v\u00e1m nab\u00eddnou [&hellip;]","datePublished":"2024-12-29","dateModified":"2024-12-29","author":{"@type":"Person","@id":"https:\/\/www.fasade.cz\/author\/#Person","name":"","url":"https:\/\/www.fasade.cz\/author\/","identifier":1,"image":{"@type":"ImageObject","@id":"https:\/\/secure.gravatar.com\/avatar\/64d58fab86512053c8bb518a6563e7284bb4a3422dc9af0106c3f39575364c7b?s=96&d=mm&r=g","url":"https:\/\/secure.gravatar.com\/avatar\/64d58fab86512053c8bb518a6563e7284bb4a3422dc9af0106c3f39575364c7b?s=96&d=mm&r=g","height":96,"width":96}},"publisher":{"@type":"Organization","name":"fasade.cz","logo":{"@type":"ImageObject","@id":"\/logo.png","url":"\/logo.png","width":600,"height":60}},"url":"https:\/\/www.fasade.cz\/nepropasnete-sanci-na-skvelou-tuzemskou-dovolenou\/","wordCount":173,"articleBody":"Bab\u00ed l\u00e9to ur\u010dit\u011b nen\u00ed obdob\u00ed, kter\u00e9 byste m\u011bli str\u00e1vit doma p\u0159ed televizn\u00ed obrazovkou nebo v papu\u010d\u00edch. A nen\u00ed to jen bab\u00ed l\u00e9to, kter\u00e9 by v\u00e1s m\u011blo vyl\u00e1kat do na\u0161ich luh\u016f a h\u00e1j\u016f nebo t\u0159eba slovensk\u00fdch hor! Ka\u017ed\u00e9 ro\u010dn\u00ed obdob\u00ed m\u00e1 sv\u00e9 kouzlo a mnohem l\u00e9pe si ho dok\u00e1\u017eete uv\u011bdomit v b\u00e1je\u010dn\u00e9m prost\u0159ed\u00ed, kter\u00e9 v\u00e1m nab\u00eddnou na\u0161e chaty a chalupy k pronajmut\u00ed. V\u00fd\u0161lapy nebo proj\u00ed\u017e\u010fky na kole, romantika u t\u00e1borov\u00e9ho ohn\u011b, teplo pl\u00e1polaj\u00edc\u00edho ohn\u011b v krbu nebo v kachlov\u00fdch kamnech &#8211; to jsou jen st\u0159\u00edpky toho, co v\u00e1m na\u0161e chaty a chalupy k pronajmut\u00ed mohou nab\u00eddnout. Nov\u00e9 v\u011bci pro va\u0161e d\u011bti Uka\u017ete sv\u00fdm d\u011btem, jak vypad\u00e1 sekyrka, jak se \u0161t\u00edpe d\u0159\u00edv\u00ed a jak h\u0159eje opravdov\u00fd ohe\u0148! Na\u0161e chaty a chalupy k pronajmut\u00ed v\u00e1m to umo\u017en\u00ed.                                                                                                                                                                                                                                                                                                                                                                                                "},{"@context":"https:\/\/schema.org\/","@type":"BreadcrumbList","itemListElement":[{"@type":"ListItem","position":1,"name":"Neprop\u00e1sn\u011bte \u0161anci na skv\u011blou tuzemskou dovolenou","item":"https:\/\/www.fasade.cz\/nepropasnete-sanci-na-skvelou-tuzemskou-dovolenou\/#breadcrumbitem"}]}]