[{"@context":"https:\/\/schema.org\/","@type":"Article","@id":"https:\/\/www.fasade.cz\/jak-na-slecny-a-modu\/#Article","mainEntityOfPage":"https:\/\/www.fasade.cz\/jak-na-slecny-a-modu\/","headline":"Jak na sle\u010dny a m\u00f3du?","name":"Jak na sle\u010dny a m\u00f3du?","description":"Pokud m\u00e1te doma sle\u010dnu, je jasn\u00e9, \u017ee bude cht\u00edt vypadat minim\u00e1ln\u011b tak, jako kamar\u00e1dky ve t\u0159\u00edd\u011b. S\u00a0n\u011b\u010d\u00edm takov\u00fdm je pot\u0159eba po\u010d\u00edtat a bude d\u016fle\u017eit\u00e9 ud\u011blat v\u0161e proto, aby se to co nejl\u00e9pe povedlo, aby si va\u0161e dcera nep\u0159ipadala hloup\u011b. Je ur\u010dit\u011b ide\u00e1ln\u00ed zv\u00e1\u017eit, co je pro takovou sle\u010dnu vhodn\u00e9 oble\u010den\u00ed a co se rozhodn\u011b za [&hellip;]","datePublished":"2021-08-28","dateModified":"2023-06-06","author":{"@type":"Person","@id":"https:\/\/www.fasade.cz\/author\/#Person","name":"","url":"https:\/\/www.fasade.cz\/author\/","identifier":1,"image":{"@type":"ImageObject","@id":"https:\/\/secure.gravatar.com\/avatar\/64d58fab86512053c8bb518a6563e7284bb4a3422dc9af0106c3f39575364c7b?s=96&d=mm&r=g","url":"https:\/\/secure.gravatar.com\/avatar\/64d58fab86512053c8bb518a6563e7284bb4a3422dc9af0106c3f39575364c7b?s=96&d=mm&r=g","height":96,"width":96}},"publisher":{"@type":"Organization","name":"fasade.cz","logo":{"@type":"ImageObject","@id":"\/logo.png","url":"\/logo.png","width":600,"height":60}},"image":{"@type":"ImageObject","@id":"https:\/\/www.fasade.cz\/wp-content\/uploads\/m%C3%B3dn%C3%AD%20oble%C4%8Den%C3%AD_2.JPG","url":"https:\/\/www.fasade.cz\/wp-content\/uploads\/m%C3%B3dn%C3%AD%20oble%C4%8Den%C3%AD_2.JPG","height":0,"width":0},"url":"https:\/\/www.fasade.cz\/jak-na-slecny-a-modu\/","about":["M\u00f3da\r"],"wordCount":438,"articleBody":"Pokud m\u00e1te doma sle\u010dnu, je jasn\u00e9, \u017ee bude cht\u00edt vypadat minim\u00e1ln\u011b tak, jako kamar\u00e1dky ve t\u0159\u00edd\u011b. S\u00a0n\u011b\u010d\u00edm takov\u00fdm je pot\u0159eba po\u010d\u00edtat a bude d\u016fle\u017eit\u00e9 ud\u011blat v\u0161e proto, aby se to co nejl\u00e9pe povedlo, aby si va\u0161e dcera nep\u0159ipadala hloup\u011b.Je ur\u010dit\u011b ide\u00e1ln\u00ed zv\u00e1\u017eit, co je pro takovou sle\u010dnu vhodn\u00e9 oble\u010den\u00ed a co se rozhodn\u011b za vhodn\u00e9 oble\u010den\u00ed pova\u017eovat ned\u00e1, proto\u017ee jak jist\u011b moc dob\u0159e v\u00edte, existuje mnoho oble\u010den\u00ed, kter\u00e9 rozhodn\u011b nen\u00ed vhodn\u00e9 nikam a kter\u00e9 i p\u0159esto dne\u0161n\u00ed sle\u010dny nos\u00ed a to ve velk\u00e9m.Ur\u010dit\u011b by nebylo na \u0161kodu s\u00a0va\u0161\u00ed dcerou promyslet, kter\u00e9 oble\u010den\u00ed by se j\u00ed l\u00edbilo a n\u00e1sledn\u011b, kter\u00e9 oble\u010den\u00ed by bylo vhodn\u00e9 a kter\u00e9 ne. Jist\u011b se najde mnoho kousk\u016f, kter\u00e9 jako rodi\u010d zam\u00edtnete, ale jist\u011b se najdou i takov\u00e9, ve kter\u00fdch by to mohlo va\u0161\u00ed dce\u0159i slu\u0161et a ve kter\u00fdch by se hlavn\u011b c\u00edtila dob\u0159e.Jakmile budete m\u00edt jasno, co by bylo vhodn\u00e9 a co ne, m\u011bli byste spole\u010dn\u011b vyrazit po obchodech a nakoupit nov\u00e9 oble\u010den\u00ed, ve kter\u00e9m bude va\u0161e dcera n\u00e1sledn\u011b chodit. Je mo\u017en\u00e9, \u017ee i vy si jako rodi\u010d nakoup\u00edte n\u011bjak\u00e9 nov\u00e9 oble\u010den\u00ed, kter\u00e9 se v\u00e1m m\u016f\u017ee hodit a to nap\u0159\u00edklad na chozen\u00ed do pr\u00e1ce.Je jasn\u00e9, \u017ee jinak se bude obl\u00e9kat n\u011bkdo, kdo pracuje v\u00a0kancel\u00e1\u0159i a jinak se bude obl\u00e9kat n\u011bkdo, kdo pracuje nap\u0159\u00edklad v\u00a0obchod\u011b. N\u011bkter\u00e9 kousky ale mohou oslovit v\u0161echny.Vyrazte s\u00a0va\u0161i dcerou na n\u00e1kup, jakmile se v\u00e1m to bude ob\u011bma hodit. Jist\u011b z\u00a0toho ve v\u00fdsledku bude m\u00edt radost nejen va\u0161e dcera, ale i vy, jeliko\u017e si po\u0159\u00edd\u00edte n\u011bco, co v\u00e1m bude ob\u011bma slu\u0161et a v\u00a0\u010dem budete vypadat skv\u011ble.N\u011bkter\u00e9 sle\u010dny nejsou na oble\u010den\u00ed tolik n\u00e1ro\u010dn\u00e9, tak\u017ee nakupov\u00e1n\u00ed rozhodn\u011b nemus\u00ed b\u00fdt takov\u00fd probl\u00e9m, jak\u00fd rodi\u010d o\u010dek\u00e1val. Ur\u010dit\u011b by bylo takov\u00e9 dobr\u00e9, pokud byste se b\u011bhem nakupov\u00e1n\u00ed stavili nap\u0159\u00edklad na k\u00e1vu nebo na n\u011bco k\u00a0j\u00eddlu. \u010clov\u011bku m\u016f\u017ee p\u0159i nakupov\u00e1n\u00ed velmi vyhl\u00e1dnout a d\u00e1t si proto n\u011bco dobr\u00e9ho na zub m\u016f\u017ee pomoci.Ud\u011blat si p\u011bkn\u00fd den by m\u011bl opravdu ka\u017ed\u00fd.                                                                                                                                                                                                                                                                                                                                                                                        4.7\/5 - (6 votes)        "},{"@context":"https:\/\/schema.org\/","@type":"BreadcrumbList","itemListElement":[{"@type":"ListItem","position":1,"name":"Jak na sle\u010dny a m\u00f3du?","item":"https:\/\/www.fasade.cz\/jak-na-slecny-a-modu\/#breadcrumbitem"}]}]