[{"@context":"https:\/\/schema.org\/","@type":"Article","@id":"https:\/\/www.fasade.cz\/i-zasedli-ke-kulatemu-stolu\/#Article","mainEntityOfPage":"https:\/\/www.fasade.cz\/i-zasedli-ke-kulatemu-stolu\/","headline":"I zasedli ke kulat\u00e9mu stolu","name":"I zasedli ke kulat\u00e9mu stolu","description":"V jedn\u00e9 star\u00e9 p\u00edsni\u010dce se zp\u00edv\u00e1 o tom, \u017ee kdo m\u00e1 \u017eidli, tak bydl\u00ed. To je pravda, ale bez stolu to tak\u00e9 nejde. Jen asi n\u011bkter\u00e9 asijsk\u00e9 n\u00e1rody by s n\u00e1mi mohly nesouhlasit. Ale my nejsme zvykl\u00ed sed\u011bt na zemi, a tak si j\u00eddeln\u00ed st\u016fl ur\u010dit\u011b po\u0159\u00edd\u00edme. o\u00a0\u00a0 Prvn\u00ed, na co asi budeme br\u00e1t z\u0159etel, [&hellip;]","datePublished":"2023-06-06","dateModified":"2023-06-06","author":{"@type":"Person","@id":"https:\/\/www.fasade.cz\/author\/#Person","name":"","url":"https:\/\/www.fasade.cz\/author\/","identifier":1,"image":{"@type":"ImageObject","@id":"https:\/\/secure.gravatar.com\/avatar\/64d58fab86512053c8bb518a6563e7284bb4a3422dc9af0106c3f39575364c7b?s=96&d=mm&r=g","url":"https:\/\/secure.gravatar.com\/avatar\/64d58fab86512053c8bb518a6563e7284bb4a3422dc9af0106c3f39575364c7b?s=96&d=mm&r=g","height":96,"width":96}},"publisher":{"@type":"Organization","name":"fasade.cz","logo":{"@type":"ImageObject","@id":"\/logo.png","url":"\/logo.png","width":600,"height":60}},"image":{"@type":"ImageObject","@id":"https:\/\/www.fasade.cz\/wp-content\/uploads\/img_a289631_w2199_t1501054212.jpg","url":"https:\/\/www.fasade.cz\/wp-content\/uploads\/img_a289631_w2199_t1501054212.jpg","height":0,"width":0},"url":"https:\/\/www.fasade.cz\/i-zasedli-ke-kulatemu-stolu\/","wordCount":401,"articleBody":"V jedn\u00e9 star\u00e9 p\u00edsni\u010dce se zp\u00edv\u00e1 o tom, \u017ee kdo m\u00e1 \u017eidli, tak bydl\u00ed. To je pravda, ale bez stolu to tak\u00e9 nejde. Jen asi n\u011bkter\u00e9 asijsk\u00e9 n\u00e1rody by s n\u00e1mi mohly nesouhlasit. Ale my nejsme zvykl\u00ed sed\u011bt na zemi, a tak si j\u00eddeln\u00ed st\u016fl ur\u010dit\u011b po\u0159\u00edd\u00edme.o\u00a0\u00a0 Prvn\u00ed, na co asi budeme br\u00e1t z\u0159etel, je jeho design. Prost\u011b se n\u00e1m mus\u00ed l\u00edbit a do interi\u00e9ru se hodit.o\u00a0\u00a0 Jestli\u017ee jsme zalo\u017eeni prakticky, tak hned druhou ot\u00e1zku, kterou budeme \u0159e\u0161it, je snadn\u00e1 \u00fadr\u017eba \u2013 nechceme st\u016fl po ka\u017ed\u00e9m pou\u017eit\u00ed drhnout speci\u00e1ln\u00edmi \u010distic\u00edmi prost\u0159edky.o\u00a0\u00a0 Trvanlivost\u2013 je hezk\u00e9 po\u0159\u00eddit si nov\u00fd n\u00e1bytek, ale rozhodn\u011b to nechceme d\u011blat ka\u017ed\u00e9 dva roky.o\u00a0\u00a0 Stabilita \u2013 vylit\u00e1 k\u00e1va do kl\u00edna na\u0161\u00ed n\u00e1v\u0161t\u011bvy asi nebude \u017e\u00e1douc\u00ed.\tKulat\u00fd nebo hranat\u00fd?J\u00eddeln\u00ed st\u016fl je takov\u00fdm pomysln\u00fdm st\u0159edobodem na\u0161eho domova. Proto je pot\u0159eba, abychom s n\u00edm byli jaksepat\u0159\u00ed spokojeni. Design\u00e9\u0159i pr\u00e1v\u011b na toto krit\u00e9rium berou nejv\u011bt\u0161\u00ed ohledy a podle toho sv\u00e9 v\u00fdrobky navrhuj\u00ed. Modern\u00ed j\u00eddeln\u00ed stoly se vyzna\u010duj\u00ed jednoduch\u00fdmi liniemi a hladk\u00fdmi povrchy. Materi\u00e1l vol\u00ed nad\u010dasov\u00fd. V\u011bt\u0161inou se jedn\u00e1 o masivn\u00ed d\u0159eviny, kov nebo \u010dir\u00e9 sklo. Neboj\u00ed se ani kombinovat v\u0161echny materi\u00e1ly mezi sebou. J\u00eddeln\u00ed stoly mohou m\u00edt rozmanit\u00e9 tvary.\u00a7\u00a0 V\u011bt\u0161inou se vol\u00ed \u010dtverec \u2013 pokud je byt men\u0161\u00ed, nebo bude m\u00e9n\u011b str\u00e1vn\u00edk\u016f.\u00a7\u00a0 Obd\u00e9ln\u00edk \u2013 hod\u00ed se nejen do v\u011bt\u0161\u00edho prostoru, ale tak\u00e9 tam, kde je v\u00edce\u010dlenn\u00e1 rodina.\u00a7\u00a0 Zaj\u00edmav\u00e9 jsou i stoly, kter\u00e9 maj\u00ed ov\u00e1ln\u00fd tvar.Mnoho lid\u00ed si mysl\u00ed, \u017ee pr\u00e1v\u011b ov\u00e1ln\u00fdm stolem u\u0161et\u0159\u00ed prostor. Je tomu pr\u00e1v\u011b naopak. Kulat\u00e9 stoly jsou mnohem n\u00e1ro\u010dn\u011bj\u0161\u00ed na m\u00edsto, ve kter\u00e9m stoj\u00ed. U kulat\u00e9ho stolu, kter\u00fd m\u00e1 pr\u016fm\u011br devades\u00e1t p\u011bt centimetr\u016f, maj\u00ed pohodln\u00e9 posezen\u00ed pouze t\u0159i osoby. Pro\u010d tedy volit pr\u00e1v\u011b tento typ stolu? Sta\u010d\u00ed si vzpomenout na n\u011bkter\u00e9 televizn\u00ed po\u0159ady, ve kter\u00fdch prob\u00edhaj\u00ed politick\u00e9 debaty. Nikdo nen\u00ed u stolu nad\u0159azen a v\u0161ichni jsou si rovni. Komunikace b\u00fdv\u00e1 uvoln\u011bn\u011bj\u0161\u00ed.                                                                                                                                                                                                                                                                                                                                                                                        4.2\/5 - (8 votes)        "},{"@context":"https:\/\/schema.org\/","@type":"BreadcrumbList","itemListElement":[{"@type":"ListItem","position":1,"name":"I zasedli ke kulat\u00e9mu stolu","item":"https:\/\/www.fasade.cz\/i-zasedli-ke-kulatemu-stolu\/#breadcrumbitem"}]}]