[{"@context":"https:\/\/schema.org\/","@type":"Article","@id":"https:\/\/www.fasade.cz\/dotek-leta-ktery-v-zime-zahreje\/#Article","mainEntityOfPage":"https:\/\/www.fasade.cz\/dotek-leta-ktery-v-zime-zahreje\/","headline":"Dotek l\u00e9ta, kter\u00fd v zim\u011b zah\u0159eje","name":"Dotek l\u00e9ta, kter\u00fd v zim\u011b zah\u0159eje","description":"Mysl\u00edte si, \u017ee hovo\u0159\u00edme o fotografi\u00edch z lo\u0148sk\u00e9 dovolen\u00e9? Mysl\u00edte si, \u017ee hovo\u0159\u00edme o prohl\u00ed\u017een\u00ed suven\u00fdr\u016f, kter\u00e9 jste si koupili v l\u00e9t\u011b u mo\u0159e? Ale kdepak, m\u00e1me na mysli n\u011bco zcela jin\u00e9ho. Hovo\u0159\u00edme o zp\u016fsobu, jak zakonzervovat letn\u00ed a podzimn\u00ed produkty tak, abychom si na nich v zim\u011b mohli pochutnat. A je to zp\u016fsob nadm\u00edru [&hellip;]","datePublished":"2023-06-22","dateModified":"2024-06-26","author":{"@type":"Person","@id":"https:\/\/www.fasade.cz\/author\/#Person","name":"","url":"https:\/\/www.fasade.cz\/author\/","identifier":1,"image":{"@type":"ImageObject","@id":"https:\/\/secure.gravatar.com\/avatar\/64d58fab86512053c8bb518a6563e7284bb4a3422dc9af0106c3f39575364c7b?s=96&d=mm&r=g","url":"https:\/\/secure.gravatar.com\/avatar\/64d58fab86512053c8bb518a6563e7284bb4a3422dc9af0106c3f39575364c7b?s=96&d=mm&r=g","height":96,"width":96}},"publisher":{"@type":"Organization","name":"fasade.cz","logo":{"@type":"ImageObject","@id":"\/logo.png","url":"\/logo.png","width":600,"height":60}},"url":"https:\/\/www.fasade.cz\/dotek-leta-ktery-v-zime-zahreje\/","wordCount":243,"articleBody":"Mysl\u00edte si, \u017ee hovo\u0159\u00edme o fotografi\u00edch z lo\u0148sk\u00e9 dovolen\u00e9? Mysl\u00edte si, \u017ee hovo\u0159\u00edme o prohl\u00ed\u017een\u00ed suven\u00fdr\u016f, kter\u00e9 jste si koupili v l\u00e9t\u011b u mo\u0159e? Ale kdepak, m\u00e1me na mysli n\u011bco zcela jin\u00e9ho. Hovo\u0159\u00edme o zp\u016fsobu, jak zakonzervovat letn\u00ed a podzimn\u00ed produkty tak, abychom si na nich v zim\u011b mohli pochutnat. A je to zp\u016fsob nadm\u00edru lahodn\u00fd a h\u0159ejiv\u00fd, jedn\u00e1 se o p\u0159\u00edpravu jedine\u010dn\u00e9ho n\u00e1poje.Dom\u00e1c\u00ed chutn\u00e1 nejl\u00e9peNavzdory tomu, \u017ee dnes si m\u016f\u017eeme v\u0161e velice snadno koupit v obchodech, st\u00e1le stoup\u00e1 obliba dom\u00e1c\u00ed p\u0159\u00edpravy pokrm\u016f, n\u00e1poj\u016f. Dom\u00e1c\u00ed v\u00fdroba se ned\u00e1 ni\u010d\u00edm nahradit, nejen, \u017ee spot\u0159ebujeme ovoce ze zahr\u00e1dky, nav\u00edc v\u00edme p\u0159esn\u011b, co jsme do n\u00e1poje \u010di pokrmu dali. M\u00e1te-li tedy ovocn\u00e9 p\u0159ebytky, jist\u011b V\u00e1s bude zaj\u00edmat pe\u010den\u00fd \u010daj recept, kde zu\u017eitkujete skute\u010dn\u011b v\u0161e, co se V\u00e1m letos urodilo. Pr\u00e1v\u011b d\u00edky nekone\u010dn\u00e9mu po\u010dtu mo\u017enost\u00ed p\u0159\u00edpravy je tento n\u00e1poj tak obl\u00edben. M\u016f\u017eete si ud\u011blat i d\u011btskou a dosp\u011bl\u00e1ckou verzi, kdy dosp\u011bl\u00fdm n\u00e1poj oko\u0159en\u00edte ji\u017e p\u0159i p\u0159\u00edprav\u011b tro\u0161kou rumu. A v zim\u011b pak z \u0161\u00e1lku uc\u00edt\u00edte v\u016fni, kter\u00e9 se ned\u00e1 odolat.                                                                                                                                                                                                                                                                                                                                                                                        4.2\/5 - (11 votes)        "},{"@context":"https:\/\/schema.org\/","@type":"BreadcrumbList","itemListElement":[{"@type":"ListItem","position":1,"name":"Dotek l\u00e9ta, kter\u00fd v zim\u011b zah\u0159eje","item":"https:\/\/www.fasade.cz\/dotek-leta-ktery-v-zime-zahreje\/#breadcrumbitem"}]}]