[{"@context":"https:\/\/schema.org\/","@type":"Article","@id":"https:\/\/www.fasade.cz\/dnes-uz-vite-kam-se-obratit\/#Article","mainEntityOfPage":"https:\/\/www.fasade.cz\/dnes-uz-vite-kam-se-obratit\/","headline":"Dnes u\u017e v\u00edte, kam se obr\u00e1tit","name":"Dnes u\u017e v\u00edte, kam se obr\u00e1tit","description":"V\u00e1s nejlep\u0161\u00ed p\u0159\u00edtel se \u017een\u00ed a Vy m\u00e1te tu \u010dest j\u00edt mu za sv\u011bdka. Va\u0161\u00ed povinnost\u00ed je samoz\u0159ejm\u011b napl\u00e1novat rozlu\u010dku se svobodou, na kterou u\u017e se n\u011bjak\u00fd ten \u010das opravdu t\u011b\u0161\u00edte. Chcete p\u0159ichystat n\u011bco jenom pro p\u00e1r p\u0159\u00e1tel, co by sklidilo \u00fasp\u011bch. M\u00e1te p\u0159ichystan\u00e9 vystoupen\u00ed a zarezervovan\u00e9 m\u00edsto, kde se bude rozlu\u010dka konat. J\u00eddlo u\u017e [&hellip;]","datePublished":"2024-12-25","dateModified":"2024-12-25","author":{"@type":"Person","@id":"https:\/\/www.fasade.cz\/author\/#Person","name":"","url":"https:\/\/www.fasade.cz\/author\/","identifier":1,"image":{"@type":"ImageObject","@id":"https:\/\/secure.gravatar.com\/avatar\/64d58fab86512053c8bb518a6563e7284bb4a3422dc9af0106c3f39575364c7b?s=96&d=mm&r=g","url":"https:\/\/secure.gravatar.com\/avatar\/64d58fab86512053c8bb518a6563e7284bb4a3422dc9af0106c3f39575364c7b?s=96&d=mm&r=g","height":96,"width":96}},"publisher":{"@type":"Organization","name":"fasade.cz","logo":{"@type":"ImageObject","@id":"\/logo.png","url":"\/logo.png","width":600,"height":60}},"url":"https:\/\/www.fasade.cz\/dnes-uz-vite-kam-se-obratit\/","wordCount":164,"articleBody":" V\u00e1s nejlep\u0161\u00ed p\u0159\u00edtel se \u017een\u00ed a Vy m\u00e1te tu \u010dest j\u00edt mu za sv\u011bdka. Va\u0161\u00ed povinnost\u00ed je samoz\u0159ejm\u011b napl\u00e1novat rozlu\u010dku se svobodou, na kterou u\u017e se n\u011bjak\u00fd ten \u010das opravdu t\u011b\u0161\u00edte. Chcete p\u0159ichystat n\u011bco jenom pro p\u00e1r p\u0159\u00e1tel, co by sklidilo \u00fasp\u011bch. M\u00e1te p\u0159ichystan\u00e9 vystoupen\u00ed a zarezervovan\u00e9 m\u00edsto, kde se bude rozlu\u010dka konat. J\u00eddlo u\u017e je objednan\u00e9 a pit\u00ed bude k dispozici opravdu hodn\u011b, p\u0159ece jenom je to rozlu\u010dka se svobodou. Zaj\u00edmav\u00e1 pod\u00edvan\u00e1 To, co V\u00e1s napadlo jako dal\u0161\u00ed v\u011bc je, \u017ee byste mohl pozvat kouzeln\u00edka, kter\u00e9ho jste potkal na jedn\u00e9 Va\u0161\u00ed firemn\u00ed akci. Samotn\u00e9ho V\u00e1s velmi zaujal, tak pro\u010d si na n\u011bj nesehnat kontakt a nezkusit ho domluvit na rozlu\u010dku Va\u0161eho p\u0159\u00edtele. V\u0161e za\u0159\u00edd\u00edte a u\u017e p\u0159edem v\u00edte, \u017ee rozhodn\u011b nebudete litovat.                                                                                                                                                                                                                                                                                                                                                                                        4.8\/5 - (5 votes)        "},{"@context":"https:\/\/schema.org\/","@type":"BreadcrumbList","itemListElement":[{"@type":"ListItem","position":1,"name":"Dnes u\u017e v\u00edte, kam se obr\u00e1tit","item":"https:\/\/www.fasade.cz\/dnes-uz-vite-kam-se-obratit\/#breadcrumbitem"}]}]