[{"@context":"https:\/\/schema.org\/","@type":"Article","@id":"https:\/\/www.fasade.cz\/dnes-uz-nemame-jen-cigarety\/#Article","mainEntityOfPage":"https:\/\/www.fasade.cz\/dnes-uz-nemame-jen-cigarety\/","headline":"Dnes u\u017e nem\u00e1me jen cigarety","name":"Dnes u\u017e nem\u00e1me jen cigarety","description":"Kdy\u017e jsem za\u010d\u00ednal kou\u0159it, za\u010d\u00ednal jsem pochopiteln\u011b s klasick\u00fdmi cigaretami, s t\u011bmi, kter\u00e9 zn\u00e1me dodnes, jenom byly tehdy daleko cenov\u011b p\u0159ijateln\u011bj\u0161\u00ed. A zat\u00edmco v\u011bt\u0161ina kou\u0159\u00edc\u00ed spole\u010dnosti pou\u017e\u00edvala b\u011b\u017en\u00e9 cigarety, vymykali se ti ostatn\u00ed t\u00edm, \u017ee kou\u0159ili d\u00fdmky, doutn\u00edky nebo vir\u017einka. Tak\u017ee \u0161lo ve v\u0161ech p\u0159\u00edpadech o spalov\u00e1n\u00ed tab\u00e1ku s \u00famyslem dostat tak do sebe prost\u0159ednictv\u00edm [&hellip;]","datePublished":"2025-07-07","dateModified":"2025-07-07","author":{"@type":"Person","@id":"https:\/\/www.fasade.cz\/author\/#Person","name":"","url":"https:\/\/www.fasade.cz\/author\/","identifier":1,"image":{"@type":"ImageObject","@id":"https:\/\/secure.gravatar.com\/avatar\/64d58fab86512053c8bb518a6563e7284bb4a3422dc9af0106c3f39575364c7b?s=96&d=mm&r=g","url":"https:\/\/secure.gravatar.com\/avatar\/64d58fab86512053c8bb518a6563e7284bb4a3422dc9af0106c3f39575364c7b?s=96&d=mm&r=g","height":96,"width":96}},"publisher":{"@type":"Organization","name":"fasade.cz","logo":{"@type":"ImageObject","@id":"\/logo.png","url":"\/logo.png","width":600,"height":60}},"image":{"@type":"ImageObject","@id":"https:\/\/www.fasade.cz\/wp-content\/uploads\/c_10_10_10.jpg","url":"https:\/\/www.fasade.cz\/wp-content\/uploads\/c_10_10_10.jpg","height":0,"width":0},"url":"https:\/\/www.fasade.cz\/dnes-uz-nemame-jen-cigarety\/","about":["V\u00fdrobky"],"wordCount":399,"articleBody":"      Kdy\u017e jsem za\u010d\u00ednal kou\u0159it, za\u010d\u00ednal jsem pochopiteln\u011b s klasick\u00fdmi cigaretami, s t\u011bmi, kter\u00e9 zn\u00e1me dodnes, jenom byly tehdy daleko cenov\u011b p\u0159ijateln\u011bj\u0161\u00ed. A zat\u00edmco v\u011bt\u0161ina kou\u0159\u00edc\u00ed spole\u010dnosti pou\u017e\u00edvala b\u011b\u017en\u00e9 cigarety, vymykali se ti ostatn\u00ed t\u00edm, \u017ee kou\u0159ili d\u00fdmky, doutn\u00edky nebo vir\u017einka. Tak\u017ee \u0161lo ve v\u0161ech p\u0159\u00edpadech o spalov\u00e1n\u00ed tab\u00e1ku s \u00famyslem dostat tak do sebe prost\u0159ednictv\u00edm kou\u0159e nikotin. A krom\u011b toho i \u0159adu dal\u0161\u00edch l\u00e1tek, v mnoha p\u0159\u00edpadech karcinogenn\u00edch nebo jinak \u0161kodliv\u00fdch. Od \u010deho\u017e se ale v posledn\u00edch letech na\u0161e spole\u010dnost dost v\u00fdrazn\u011b odkl\u00e1n\u00ed. Je \u010d\u00edm d\u00e1l v\u00edc t\u011bch, kte\u0159\u00ed sice kou\u0159\u00ed, ale cht\u011bj\u00ed aspo\u0148 kou\u0159it zdrav\u011bji, respektive necht\u011bj\u00ed smrd\u011bt.A co d\u011blaj\u00ed ti, kdo kou\u0159\u00ed, i kdy\u017e vlastn\u011b nekou\u0159\u00ed? Jist\u011b to v\u00edte. Ti pou\u017e\u00edvaj\u00ed elektronick\u00e9 cigarety. U kter\u00fdch se o nich d\u00e1 vlastn\u011b \u0159\u00edkat, \u017ee nekou\u0159\u00ed, ale pa\u0159\u00ed. Proto\u017ee z takov\u00fdch elektronick\u00fdch cigaret ve skute\u010dnosti \u017e\u00e1dn\u00fd kou\u0159 nevych\u00e1z\u00ed. Jenom se tu zah\u0159\u00edv\u00e1 to, co se posl\u00e9ze vdechuje.N\u011bkte\u0159\u00ed z novodob\u00fdch ku\u0159\u00e1k\u016f tak s\u00e1zej\u00ed t\u0159eba na jedine\u010dn\u00e9 elektronick\u00e9 cigarety Joyetech. A proto\u017ee jim nab\u00edz\u00ed joyetech ego aio recenze E-cigo, maj\u00ed si kde tyto sv\u00e9 propriety se v\u0161\u00edm v\u0161udy nakoupit, aby mohli uspokojovat svoji v\u00e1\u0161e\u0148.Zm\u00edn\u011bn\u00e9 elektronick\u00e9 cigarety n\u00e1m dod\u00e1v\u00e1 stejnojmenn\u00e1 spole\u010dnost Joyetech. A jestli se o nich d\u00e1 n\u011bco \u0159\u00edci, pak je to skute\u010dnost, \u017ee jde o precizn\u00ed v\u00fdrobky s modern\u00edm designem, kter\u00e9 dok\u00e1\u017eou ku\u0159\u00e1k\u016fm nahradit klasick\u00e9 tab\u00e1kov\u00e9 v\u00fdrobky. A t\u00edm p\u00e1dem nehroz\u00ed, \u017ee by toto kou\u0159\u00edc\u00ed lid\u00e9 n\u011bjak obt\u011b\u017eovali sv\u00e9 okol\u00ed. A to a\u0165 u\u017e se ku\u0159\u00e1k rozhodne pro kteroukoliv z nab\u00edzej\u00edc\u00edch se variant.Se sv\u00fdm skv\u011bl\u00fdm ergonomick\u00fdm zpracov\u00e1n\u00edm, velkou kapacitou baterie a \u017ehav\u00edc\u00ed hlavou umo\u017e\u0148uj\u00edc\u00ed tradi\u010dn\u00ed \u0161lukov\u00e1n\u00ed i p\u0159\u00edm\u00e9 potahov\u00e1n\u00ed se prost\u011b staly pr\u00e1v\u011b tyto elektronick\u00e9 cigarety skv\u011ble hodnocenou nab\u00eddkou. Pro kterou se rozhoduje po\u0159\u00e1d v\u00edc lid\u00ed, v\u010detn\u011b t\u011bch, jim\u017e u\u017e b\u011b\u017en\u00e9 cigarety nevon\u00ed.                                                                                                                                                                                                                                                                                                                                                                                          4.1\/5 - (7 votes)        "},{"@context":"https:\/\/schema.org\/","@type":"BreadcrumbList","itemListElement":[{"@type":"ListItem","position":1,"name":"Dnes u\u017e nem\u00e1me jen cigarety","item":"https:\/\/www.fasade.cz\/dnes-uz-nemame-jen-cigarety\/#breadcrumbitem"}]}]